{"id":1015,"date":"2018-09-27T08:05:51","date_gmt":"2018-09-27T08:05:51","guid":{"rendered":"http:\/\/sg-gueterfelde.de\/?page_id=1015"},"modified":"2024-07-01T10:56:32","modified_gmt":"2024-07-01T08:56:32","slug":"unser-sommerfest-der-sportgemeinschaft-in-2018","status":"publish","type":"post","link":"https:\/\/sg-gueterfelde.de\/?p=1015","title":{"rendered":"Unser Sommerfest der Sportgemeinschaft in 2018"},"content":{"rendered":"<p align=\"JUSTIFY\"><span style=\"font-family: verdana, geneva, sans-serif; font-size: 12px;\">Unser Sommerfest der SG G\u00fcterfelde 1910 e.V. hatten wir in diesem Jahr f\u00fcr den sp\u00e4ten Sommer geplant. Es fand also am Samstag, 25. August, vom Nachmittag bis in den sp\u00e4ten Abend, im B\u00fcrgerhausgarten statt. <\/span><\/p>\n<p align=\"JUSTIFY\"><span style=\"font-family: verdana, geneva, sans-serif; font-size: 12px;\">Unser (geplantes) Ziel dabei war, eine gute Wetterphase und viele Besucher nach der Ferienzeit zu haben. Ersteres ist uns auf jeden Fall gelungen, was aber in diesem Sommer voller Sonnentage auch nicht schwer war. <\/span><\/p>\n<p align=\"JUSTIFY\"><span style=\"font-family: verdana, geneva, sans-serif; font-size: 12px;\">Es waren dann auch 85 G\u00e4ste aus allen Abteilungen und Bereichen der SG gekommen, was unsere Erwartungen an das einzige gemeinsame Fest des Jahres aber nicht ganz erf\u00fcllte. <\/span><\/p>\n<p align=\"JUSTIFY\"><span style=\"font-family: verdana, geneva, sans-serif; font-size: 12px;\">Wir wissen aber auch, dass diejenigen, die dabei sind, gern kommen. Sie sch\u00e4tzen dieses gem\u00fctliche Fest mit Musik, leckerem Essen, ausreichenden Getr\u00e4nken, vielen Gespr\u00e4chen und Kontakten \u00fcber die Abteilungen und Gruppen hinweg. <\/span><\/p>\n<p align=\"JUSTIFY\"><span style=\"font-family: verdana, geneva, sans-serif; font-size: 12px;\">Eine Befragung auf der Mitgliederversammlung hatte ergeben, dass das Fest sehr gew\u00fcnscht wird. Daher hat der Vorstand zusammen mit vielen Unterst\u00fctzern und Helfern wieder die Organisation und Gestaltung \u00fcbernommen.<\/span><\/p>\n<p align=\"JUSTIFY\"><span style=\"font-family: verdana, geneva, sans-serif; font-size: 12px;\">Ein Kern von Sportfreundinnen und Sportfreunden war wieder sehr engagiert dabei: beim Auf- und Abbau, beim Besorgen des N\u00f6tigen, beim Grillen und Salate bereiten, als DJ, am Ausschank, beim Gestalten des Tischschmucks, beim Bereitstellen von Geschirr usw. durch das B\u00fcrgerhaus und dem Organisieren vieler erforderlicher Kleinigkeiten. <\/span><\/p>\n<p align=\"JUSTIFY\"><span style=\"font-family: verdana, geneva, sans-serif; font-size: 12px;\">Wir bedanken uns bei allen Helfern und beim Vorstand sowie bei allen die dabei waren. Unser Dankesch\u00f6n gilt aber auch der Unterst\u00fctzung durch die Fa. Schulze und durch den Getr\u00e4nkehandel Kruschke. <\/span><\/p>\n<p align=\"JUSTIFY\"><span style=\"font-family: verdana, geneva, sans-serif; font-size: 12px;\">Es war sch\u00f6n, die angenehme, fr\u00f6hliche Stimmung und den Dank vieler Sportfreund zu erleben.<\/span><\/p>\n<p align=\"JUSTIFY\"><span style=\"font-family: verdana, geneva, sans-serif; font-size: 12px;\">Also, n\u00e4chstes Jahr wieder\u2026<\/span><\/p>\n<p align=\"JUSTIFY\"><a href=\"https:\/\/sg-gueterfelde.de\/wp-content\/uploads\/2018\/09\/sgg_sommer18_1.jpg\"><img loading=\"lazy\" decoding=\"async\" class=\"aligncenter size-full wp-image-1016\" src=\"https:\/\/sg-gueterfelde.de\/wp-content\/uploads\/2018\/09\/sgg_sommer18_1.jpg\" alt=\"\" width=\"750\" height=\"563\" srcset=\"https:\/\/sg-gueterfelde.de\/wp-content\/uploads\/2018\/09\/sgg_sommer18_1.jpg 750w, https:\/\/sg-gueterfelde.de\/wp-content\/uploads\/2018\/09\/sgg_sommer18_1-300x225.jpg 300w\" sizes=\"auto, (max-width: 750px) 100vw, 750px\" \/><\/a><\/p>\n<p align=\"JUSTIFY\"><a href=\"https:\/\/sg-gueterfelde.de\/wp-content\/uploads\/2018\/09\/sgg_sommer18_2.jpg\"><img loading=\"lazy\" decoding=\"async\" class=\"aligncenter size-full wp-image-1017\" src=\"https:\/\/sg-gueterfelde.de\/wp-content\/uploads\/2018\/09\/sgg_sommer18_2.jpg\" alt=\"\" width=\"750\" height=\"563\" srcset=\"https:\/\/sg-gueterfelde.de\/wp-content\/uploads\/2018\/09\/sgg_sommer18_2.jpg 750w, https:\/\/sg-gueterfelde.de\/wp-content\/uploads\/2018\/09\/sgg_sommer18_2-300x225.jpg 300w\" sizes=\"auto, (max-width: 750px) 100vw, 750px\" \/><\/a><\/p>\n<p align=\"JUSTIFY\"><a href=\"https:\/\/sg-gueterfelde.de\/wp-content\/uploads\/2018\/09\/sgg_sommer18_3.jpg\"><img loading=\"lazy\" decoding=\"async\" class=\"aligncenter size-full wp-image-1018\" src=\"https:\/\/sg-gueterfelde.de\/wp-content\/uploads\/2018\/09\/sgg_sommer18_3.jpg\" alt=\"\" width=\"750\" height=\"563\" srcset=\"https:\/\/sg-gueterfelde.de\/wp-content\/uploads\/2018\/09\/sgg_sommer18_3.jpg 750w, https:\/\/sg-gueterfelde.de\/wp-content\/uploads\/2018\/09\/sgg_sommer18_3-300x225.jpg 300w\" sizes=\"auto, (max-width: 750px) 100vw, 750px\" \/><\/a><\/p>\n<p align=\"JUSTIFY\"><a href=\"https:\/\/sg-gueterfelde.de\/wp-content\/uploads\/2018\/09\/sgg_sommer18_4.jpg\"><img loading=\"lazy\" decoding=\"async\" class=\"aligncenter size-full wp-image-1019\" src=\"https:\/\/sg-gueterfelde.de\/wp-content\/uploads\/2018\/09\/sgg_sommer18_4.jpg\" alt=\"\" width=\"750\" height=\"563\" srcset=\"https:\/\/sg-gueterfelde.de\/wp-content\/uploads\/2018\/09\/sgg_sommer18_4.jpg 750w, https:\/\/sg-gueterfelde.de\/wp-content\/uploads\/2018\/09\/sgg_sommer18_4-300x225.jpg 300w\" sizes=\"auto, (max-width: 750px) 100vw, 750px\" \/><\/a><\/p>\n<p align=\"JUSTIFY\"><a href=\"https:\/\/sg-gueterfelde.de\/wp-content\/uploads\/2018\/09\/sgg_sommer18_5.jpg\"><img loading=\"lazy\" decoding=\"async\" class=\"aligncenter size-full wp-image-1020\" src=\"https:\/\/sg-gueterfelde.de\/wp-content\/uploads\/2018\/09\/sgg_sommer18_5.jpg\" alt=\"\" width=\"563\" height=\"1000\" srcset=\"https:\/\/sg-gueterfelde.de\/wp-content\/uploads\/2018\/09\/sgg_sommer18_5.jpg 563w, https:\/\/sg-gueterfelde.de\/wp-content\/uploads\/2018\/09\/sgg_sommer18_5-169x300.jpg 169w\" sizes=\"auto, (max-width: 563px) 100vw, 563px\" \/><\/a><\/p>\n<p align=\"JUSTIFY\"><span style=\"font-family: Arial, serif;\"><span style=\"font-size: small;\">Bericht: <\/span><\/span><span style=\"font-family: Arial, serif;\"><span style=\"font-size: small;\"><i>Elvira Waldmann<\/i><\/span><\/span><\/p>\n<p align=\"JUSTIFY\"><span style=\"font-family: Arial, serif;\"><span style=\"font-size: small;\">Fotos: <\/span><\/span><span style=\"font-family: Arial, serif;\"><span style=\"font-size: small;\"><i>Harald Krehl, Elvira Waldmann<\/i><\/span><\/span><\/p>\n<p align=\"JUSTIFY\">\n<div class=\"pvc_clear\"><\/div>\n<p id=\"pvc_stats_1015\" class=\"pvc_stats all  \" data-element-id=\"1015\" style=\"\"><i class=\"pvc-stats-icon small\" aria-hidden=\"true\"><svg aria-hidden=\"true\" focusable=\"false\" data-prefix=\"far\" data-icon=\"chart-bar\" role=\"img\" xmlns=\"http:\/\/www.w3.org\/2000\/svg\" viewBox=\"0 0 512 512\" class=\"svg-inline--fa fa-chart-bar fa-w-16 fa-2x\"><path fill=\"currentColor\" d=\"M396.8 352h22.4c6.4 0 12.8-6.4 12.8-12.8V108.8c0-6.4-6.4-12.8-12.8-12.8h-22.4c-6.4 0-12.8 6.4-12.8 12.8v230.4c0 6.4 6.4 12.8 12.8 12.8zm-192 0h22.4c6.4 0 12.8-6.4 12.8-12.8V140.8c0-6.4-6.4-12.8-12.8-12.8h-22.4c-6.4 0-12.8 6.4-12.8 12.8v198.4c0 6.4 6.4 12.8 12.8 12.8zm96 0h22.4c6.4 0 12.8-6.4 12.8-12.8V204.8c0-6.4-6.4-12.8-12.8-12.8h-22.4c-6.4 0-12.8 6.4-12.8 12.8v134.4c0 6.4 6.4 12.8 12.8 12.8zM496 400H48V80c0-8.84-7.16-16-16-16H16C7.16 64 0 71.16 0 80v336c0 17.67 14.33 32 32 32h464c8.84 0 16-7.16 16-16v-16c0-8.84-7.16-16-16-16zm-387.2-48h22.4c6.4 0 12.8-6.4 12.8-12.8v-70.4c0-6.4-6.4-12.8-12.8-12.8h-22.4c-6.4 0-12.8 6.4-12.8 12.8v70.4c0 6.4 6.4 12.8 12.8 12.8z\" class=\"\"><\/path><\/svg><\/i> <img loading=\"lazy\" decoding=\"async\" width=\"16\" height=\"16\" alt=\"Loading\" src=\"https:\/\/sg-gueterfelde.de\/wp-content\/plugins\/page-views-count\/ajax-loader-2x.gif\" border=0 \/><\/p>\n<div class=\"pvc_clear\"><\/div>\n","protected":false},"excerpt":{"rendered":"<p>Unser Sommerfest der SG G\u00fcterfelde 1910 e.V. hatten wir in diesem Jahr f\u00fcr den sp\u00e4ten Sommer geplant. Es fand also am Samstag, 25. August, vom Nachmittag bis in den sp\u00e4ten Abend, im B\u00fcrgerhausgarten statt. Unser (geplantes) Ziel dabei war, eine gute Wetterphase und viele Besucher nach der Ferienzeit zu haben. Ersteres ist uns auf jeden <span class=\"ellipsis\">&hellip;<\/span> <span class=\"more-link-wrap\"><a href=\"https:\/\/sg-gueterfelde.de\/?p=1015\" class=\"more-link\"><span>Read More &rarr;<\/span><\/a><\/span><\/p>\n<div class=\"pvc_clear\"><\/div>\n<p id=\"pvc_stats_1015\" class=\"pvc_stats all  \" data-element-id=\"1015\" style=\"\"><i class=\"pvc-stats-icon small\" aria-hidden=\"true\"><svg aria-hidden=\"true\" focusable=\"false\" data-prefix=\"far\" data-icon=\"chart-bar\" role=\"img\" xmlns=\"http:\/\/www.w3.org\/2000\/svg\" viewBox=\"0 0 512 512\" class=\"svg-inline--fa fa-chart-bar fa-w-16 fa-2x\"><path fill=\"currentColor\" d=\"M396.8 352h22.4c6.4 0 12.8-6.4 12.8-12.8V108.8c0-6.4-6.4-12.8-12.8-12.8h-22.4c-6.4 0-12.8 6.4-12.8 12.8v230.4c0 6.4 6.4 12.8 12.8 12.8zm-192 0h22.4c6.4 0 12.8-6.4 12.8-12.8V140.8c0-6.4-6.4-12.8-12.8-12.8h-22.4c-6.4 0-12.8 6.4-12.8 12.8v198.4c0 6.4 6.4 12.8 12.8 12.8zm96 0h22.4c6.4 0 12.8-6.4 12.8-12.8V204.8c0-6.4-6.4-12.8-12.8-12.8h-22.4c-6.4 0-12.8 6.4-12.8 12.8v134.4c0 6.4 6.4 12.8 12.8 12.8zM496 400H48V80c0-8.84-7.16-16-16-16H16C7.16 64 0 71.16 0 80v336c0 17.67 14.33 32 32 32h464c8.84 0 16-7.16 16-16v-16c0-8.84-7.16-16-16-16zm-387.2-48h22.4c6.4 0 12.8-6.4 12.8-12.8v-70.4c0-6.4-6.4-12.8-12.8-12.8h-22.4c-6.4 0-12.8 6.4-12.8 12.8v70.4c0 6.4 6.4 12.8 12.8 12.8z\" class=\"\"><\/path><\/svg><\/i> <img loading=\"lazy\" decoding=\"async\" width=\"16\" height=\"16\" alt=\"Loading\" src=\"https:\/\/sg-gueterfelde.de\/wp-content\/plugins\/page-views-count\/ajax-loader-2x.gif\" border=0 \/><\/p>\n<div class=\"pvc_clear\"><\/div>\n","protected":false},"author":1,"featured_media":0,"comment_status":"closed","ping_status":"closed","sticky":false,"template":"","format":"standard","meta":{"ngg_post_thumbnail":0,"footnotes":"","_links_to":"","_links_to_target":""},"categories":[15],"tags":[21],"class_list":["post-1015","post","type-post","status-publish","format-standard","hentry","category-bericht","tag-sommerfest"],"_links":{"self":[{"href":"https:\/\/sg-gueterfelde.de\/index.php?rest_route=\/wp\/v2\/posts\/1015","targetHints":{"allow":["GET"]}}],"collection":[{"href":"https:\/\/sg-gueterfelde.de\/index.php?rest_route=\/wp\/v2\/posts"}],"about":[{"href":"https:\/\/sg-gueterfelde.de\/index.php?rest_route=\/wp\/v2\/types\/post"}],"author":[{"embeddable":true,"href":"https:\/\/sg-gueterfelde.de\/index.php?rest_route=\/wp\/v2\/users\/1"}],"replies":[{"embeddable":true,"href":"https:\/\/sg-gueterfelde.de\/index.php?rest_route=%2Fwp%2Fv2%2Fcomments&post=1015"}],"version-history":[{"count":1,"href":"https:\/\/sg-gueterfelde.de\/index.php?rest_route=\/wp\/v2\/posts\/1015\/revisions"}],"predecessor-version":[{"id":1021,"href":"https:\/\/sg-gueterfelde.de\/index.php?rest_route=\/wp\/v2\/posts\/1015\/revisions\/1021"}],"wp:attachment":[{"href":"https:\/\/sg-gueterfelde.de\/index.php?rest_route=%2Fwp%2Fv2%2Fmedia&parent=1015"}],"wp:term":[{"taxonomy":"category","embeddable":true,"href":"https:\/\/sg-gueterfelde.de\/index.php?rest_route=%2Fwp%2Fv2%2Fcategories&post=1015"},{"taxonomy":"post_tag","embeddable":true,"href":"https:\/\/sg-gueterfelde.de\/index.php?rest_route=%2Fwp%2Fv2%2Ftags&post=1015"}],"curies":[{"name":"wp","href":"https:\/\/api.w.org\/{rel}","templated":true}]}}