{"id":1369,"date":"2024-06-30T14:34:26","date_gmt":"2024-06-30T12:34:26","guid":{"rendered":"https:\/\/sg-gueterfelde.de\/?p=1369"},"modified":"2024-06-30T15:06:43","modified_gmt":"2024-06-30T13:06:43","slug":"einladung-zum-sommerfest-2024","status":"publish","type":"post","link":"https:\/\/sg-gueterfelde.de\/?p=1369","title":{"rendered":"Einladung zum Sommerfest 2024"},"content":{"rendered":"\n<p><span style=\"font-family: Arial, sans-serif;\"><span style=\"font-size: large;\">Die Sportgemeinschaft G\u00fcterfelde 1910 e.V. l\u00e4dt in diesem Jahr wieder herzlich ein zum Sommerfest unserer Sportlerinnen, Sportler und der Partnerinnen und Partner ein.<\/span><\/span><\/p>\n\n\n\n<p><span style=\"font-family: Arial, sans-serif;\"><span style=\"font-size: large;\">Das Sommerfest wird am <\/span><\/span><span style=\"font-family: Arial, sans-serif;\"><span style=\"font-size: large;\"><i><b>Samstag, dem 20. Juli 2024<\/b><\/i><\/span><\/span><span style=\"font-family: Arial, sans-serif;\"><span style=\"font-size: large;\">, im B\u00fcrgerhaus &#8211; Garten gefeiert mit Musik, Tanz, Austausch, Essen und Trinken bei fr\u00f6hlicher Stimmung.<\/span><\/span><\/p>\n\n\n\n<p><span style=\"font-family: Arial, sans-serif;\"><span style=\"font-size: large;\">Die Feier beginnt um <\/span><\/span><span style=\"font-family: Arial, sans-serif;\"><span style=\"font-size: large;\"><b>16:00 Uhr<\/b><\/span><\/span><span style=\"font-family: Arial, sans-serif;\"><span style=\"font-size: large;\"> und endet gegen 22:00 Uhr. <\/span><\/span><\/p>\n\n\n<div class=\"wp-block-image\">\n<figure class=\"aligncenter\"><img loading=\"lazy\" decoding=\"async\" width=\"169\" height=\"300\" src=\"https:\/\/sg-gueterfelde.de\/wp-content\/uploads\/2016\/06\/blumen_ssg-169x300.jpg\" alt=\"Bild Einladung zum Sommerfest 2022\" class=\"wp-image-1121\" srcset=\"https:\/\/sg-gueterfelde.de\/wp-content\/uploads\/2016\/06\/blumen_ssg-169x300.jpg 169w, https:\/\/sg-gueterfelde.de\/wp-content\/uploads\/2016\/06\/blumen_ssg-576x1024.jpg 576w, https:\/\/sg-gueterfelde.de\/wp-content\/uploads\/2016\/06\/blumen_ssg.jpg 608w\" sizes=\"auto, (max-width: 169px) 100vw, 169px\" \/><\/figure><\/div>\n\n\n<p><span style=\"font-family: Arial, sans-serif;\"><span style=\"font-size: large;\">Der Betrag f\u00fcr jeden Erwachsenen betr\u00e4gt <\/span><\/span><span style=\"font-family: Arial, sans-serif;\"><span style=\"font-size: large;\"><b>10 \u20ac.<\/b><\/span><\/span><\/p>\n\n\n\n<p><span style=\"font-family: Arial, sans-serif;\"><span style=\"font-size: large;\">Bitte meldet zeitnah bis zum <\/span><\/span><span style=\"font-family: Arial, sans-serif;\"><span style=\"font-size: large;\"><b>17. Juli <\/b><\/span><\/span><span style=\"font-family: Arial, sans-serif;\"><span style=\"font-size: large;\">eure <\/span><\/span><span style=\"font-family: Arial, sans-serif;\"><span style=\"font-size: large;\"><b>Teilnahme<\/b><\/span><\/span><span style=\"font-family: Arial, sans-serif;\"><span style=\"font-size: large;\"> an. F\u00fcr unsere Planung ist die Anzahl der G\u00e4ste wichtig!<\/span><\/span><\/p>\n\n\n\n<p><span style=\"font-family: Arial, sans-serif;\"><span style=\"font-size: large;\">Die Anmeldung und die Bezahlung soll bitte schon vorab \u00fcber eure jeweiligen Gruppen\/Leitungen erfolgen.<\/span><\/span><\/p>\n\n\n\n<p><span style=\"font-family: Arial, sans-serif;\"><span style=\"font-size: medium;\"><i>Die passiven Mitglieder geben den Betrag in einem Umschlag bitte in den Briefkasten von Andreas Sieke, Am Sportplatz 14<\/i><\/span><\/span><\/p>\n\n\n\n<p><span style=\"font-family: Arial, sans-serif;\"><span style=\"font-size: medium;\">\u00dcber eure Unterst\u00fctzung beim Ein- und Abr\u00e4umen und f\u00fcrs B\u00fcfett freuen wir uns. Gebt die Infos dazu m\u00f6glichst in den Gruppen weiter.<\/span><\/span><\/p>\n\n\n\n<p><span style=\"font-family: Arial, sans-serif;\"><span style=\"font-size: large;\">Mit sportlichem Gru\u00df<br><\/span><\/span><span style=\"font-family: Arial, sans-serif;\"><span style=\"font-size: large;\">Vorstand der SG<br>i. A. Uwe Schaer<\/span><\/span><\/p>\n\n\n\n<div class=\"wp-block-file\"><a id=\"wp-block-file--media-5fbcefbc-5337-43b9-bf51-e0caf738687c\" href=\"https:\/\/sg-gueterfelde.de\/wp-content\/uploads\/2024\/06\/Einladung-Sommerfest_Juli2024.pdf\" target=\"_blank\" rel=\"noreferrer noopener\">Einladung-Sommerfest_Juli 2024<\/a><a href=\"https:\/\/sg-gueterfelde.de\/wp-content\/uploads\/2024\/06\/Einladung-Sommerfest_Juli2024.pdf\" class=\"wp-block-file__button wp-element-button\" download aria-describedby=\"wp-block-file--media-5fbcefbc-5337-43b9-bf51-e0caf738687c\">Herunterladen<\/a><\/div>\n\n\n\n<p>&nbsp;<\/p>\n<div class=\"pvc_clear\"><\/div><p id=\"pvc_stats_1369\" class=\"pvc_stats all  \" data-element-id=\"1369\" style=\"\"><i class=\"pvc-stats-icon small\" aria-hidden=\"true\"><svg aria-hidden=\"true\" focusable=\"false\" data-prefix=\"far\" data-icon=\"chart-bar\" role=\"img\" xmlns=\"http:\/\/www.w3.org\/2000\/svg\" viewBox=\"0 0 512 512\" class=\"svg-inline--fa fa-chart-bar fa-w-16 fa-2x\"><path fill=\"currentColor\" d=\"M396.8 352h22.4c6.4 0 12.8-6.4 12.8-12.8V108.8c0-6.4-6.4-12.8-12.8-12.8h-22.4c-6.4 0-12.8 6.4-12.8 12.8v230.4c0 6.4 6.4 12.8 12.8 12.8zm-192 0h22.4c6.4 0 12.8-6.4 12.8-12.8V140.8c0-6.4-6.4-12.8-12.8-12.8h-22.4c-6.4 0-12.8 6.4-12.8 12.8v198.4c0 6.4 6.4 12.8 12.8 12.8zm96 0h22.4c6.4 0 12.8-6.4 12.8-12.8V204.8c0-6.4-6.4-12.8-12.8-12.8h-22.4c-6.4 0-12.8 6.4-12.8 12.8v134.4c0 6.4 6.4 12.8 12.8 12.8zM496 400H48V80c0-8.84-7.16-16-16-16H16C7.16 64 0 71.16 0 80v336c0 17.67 14.33 32 32 32h464c8.84 0 16-7.16 16-16v-16c0-8.84-7.16-16-16-16zm-387.2-48h22.4c6.4 0 12.8-6.4 12.8-12.8v-70.4c0-6.4-6.4-12.8-12.8-12.8h-22.4c-6.4 0-12.8 6.4-12.8 12.8v70.4c0 6.4 6.4 12.8 12.8 12.8z\" class=\"\"><\/path><\/svg><\/i> <img loading=\"lazy\" decoding=\"async\" width=\"16\" height=\"16\" alt=\"Loading\" src=\"https:\/\/sg-gueterfelde.de\/wp-content\/plugins\/page-views-count\/ajax-loader-2x.gif\" border=0 \/><\/p><div class=\"pvc_clear\"><\/div>","protected":false},"excerpt":{"rendered":"<p>Die Sportgemeinschaft G\u00fcterfelde 1910 e.V. l\u00e4dt in diesem Jahr wieder herzlich ein zum Sommerfest unserer Sportlerinnen, Sportler und der Partnerinnen und Partner ein. Das Sommerfest wird am Samstag, dem 20. Juli 2024, im B\u00fcrgerhaus &#8211; Garten gefeiert mit Musik, Tanz, Austausch, Essen und Trinken bei fr\u00f6hlicher Stimmung. Die Feier beginnt um 16:00 Uhr und endet <span class=\"ellipsis\">&hellip;<\/span> <span class=\"more-link-wrap\"><a href=\"https:\/\/sg-gueterfelde.de\/?p=1369\" class=\"more-link\"><span>Read More &rarr;<\/span><\/a><\/span><\/p>\n<div class=\"pvc_clear\"><\/div>\n<p id=\"pvc_stats_1369\" class=\"pvc_stats all  \" data-element-id=\"1369\" style=\"\"><i class=\"pvc-stats-icon small\" aria-hidden=\"true\"><svg aria-hidden=\"true\" focusable=\"false\" data-prefix=\"far\" data-icon=\"chart-bar\" role=\"img\" xmlns=\"http:\/\/www.w3.org\/2000\/svg\" viewBox=\"0 0 512 512\" class=\"svg-inline--fa fa-chart-bar fa-w-16 fa-2x\"><path fill=\"currentColor\" d=\"M396.8 352h22.4c6.4 0 12.8-6.4 12.8-12.8V108.8c0-6.4-6.4-12.8-12.8-12.8h-22.4c-6.4 0-12.8 6.4-12.8 12.8v230.4c0 6.4 6.4 12.8 12.8 12.8zm-192 0h22.4c6.4 0 12.8-6.4 12.8-12.8V140.8c0-6.4-6.4-12.8-12.8-12.8h-22.4c-6.4 0-12.8 6.4-12.8 12.8v198.4c0 6.4 6.4 12.8 12.8 12.8zm96 0h22.4c6.4 0 12.8-6.4 12.8-12.8V204.8c0-6.4-6.4-12.8-12.8-12.8h-22.4c-6.4 0-12.8 6.4-12.8 12.8v134.4c0 6.4 6.4 12.8 12.8 12.8zM496 400H48V80c0-8.84-7.16-16-16-16H16C7.16 64 0 71.16 0 80v336c0 17.67 14.33 32 32 32h464c8.84 0 16-7.16 16-16v-16c0-8.84-7.16-16-16-16zm-387.2-48h22.4c6.4 0 12.8-6.4 12.8-12.8v-70.4c0-6.4-6.4-12.8-12.8-12.8h-22.4c-6.4 0-12.8 6.4-12.8 12.8v70.4c0 6.4 6.4 12.8 12.8 12.8z\" class=\"\"><\/path><\/svg><\/i> <img loading=\"lazy\" decoding=\"async\" width=\"16\" height=\"16\" alt=\"Loading\" src=\"https:\/\/sg-gueterfelde.de\/wp-content\/plugins\/page-views-count\/ajax-loader-2x.gif\" border=0 \/><\/p>\n<div class=\"pvc_clear\"><\/div>\n","protected":false},"author":2,"featured_media":1121,"comment_status":"closed","ping_status":"open","sticky":false,"template":"","format":"aside","meta":{"ngg_post_thumbnail":0,"footnotes":"","_links_to":"","_links_to_target":""},"categories":[19],"tags":[21],"class_list":["post-1369","post","type-post","status-publish","format-aside","has-post-thumbnail","hentry","category-einladung","tag-sommerfest","post_format-post-format-aside"],"_links":{"self":[{"href":"https:\/\/sg-gueterfelde.de\/index.php?rest_route=\/wp\/v2\/posts\/1369","targetHints":{"allow":["GET"]}}],"collection":[{"href":"https:\/\/sg-gueterfelde.de\/index.php?rest_route=\/wp\/v2\/posts"}],"about":[{"href":"https:\/\/sg-gueterfelde.de\/index.php?rest_route=\/wp\/v2\/types\/post"}],"author":[{"embeddable":true,"href":"https:\/\/sg-gueterfelde.de\/index.php?rest_route=\/wp\/v2\/users\/2"}],"replies":[{"embeddable":true,"href":"https:\/\/sg-gueterfelde.de\/index.php?rest_route=%2Fwp%2Fv2%2Fcomments&post=1369"}],"version-history":[{"count":2,"href":"https:\/\/sg-gueterfelde.de\/index.php?rest_route=\/wp\/v2\/posts\/1369\/revisions"}],"predecessor-version":[{"id":1375,"href":"https:\/\/sg-gueterfelde.de\/index.php?rest_route=\/wp\/v2\/posts\/1369\/revisions\/1375"}],"wp:featuredmedia":[{"embeddable":true,"href":"https:\/\/sg-gueterfelde.de\/index.php?rest_route=\/wp\/v2\/media\/1121"}],"wp:attachment":[{"href":"https:\/\/sg-gueterfelde.de\/index.php?rest_route=%2Fwp%2Fv2%2Fmedia&parent=1369"}],"wp:term":[{"taxonomy":"category","embeddable":true,"href":"https:\/\/sg-gueterfelde.de\/index.php?rest_route=%2Fwp%2Fv2%2Fcategories&post=1369"},{"taxonomy":"post_tag","embeddable":true,"href":"https:\/\/sg-gueterfelde.de\/index.php?rest_route=%2Fwp%2Fv2%2Ftags&post=1369"}],"curies":[{"name":"wp","href":"https:\/\/api.w.org\/{rel}","templated":true}]}}