{"id":1483,"date":"2024-11-22T13:56:12","date_gmt":"2024-11-22T12:56:12","guid":{"rendered":"https:\/\/sg-gueterfelde.de\/?p=1483"},"modified":"2024-11-22T13:57:10","modified_gmt":"2024-11-22T12:57:10","slug":"teilnahme-weihnachtsmarkt-am-buergerhaus","status":"publish","type":"post","link":"https:\/\/sg-gueterfelde.de\/?p=1483","title":{"rendered":"Teilnahme Weihnachtsmarkt am B\u00fcrgerhaus"},"content":{"rendered":"\n<p>Zum Beginn der Weihnachtszeit beteiligen wir uns am Wochenende des ersten Advents am Weihnachtsmarkt. Im Garten am B\u00fcrgerhaus werden G\u00fcterfelder Vereine beisammen sich pr\u00e4sentieren, f\u00fcr Speis und Trank sorgen.<\/p>\n\n\n\n<p class=\"has-text-align-center\"><strong>Samstag 30.11.2024<\/strong><\/p>\n\n\n\n<p>Es gibt gem\u00fctliche Lagerfeuer, Unterhaltung f\u00fcr Gro\u00df und Klein. Der Eintritt ist frei.<\/p>\n\n\n\n<figure class=\"wp-block-image size-large\"><img loading=\"lazy\" decoding=\"async\" width=\"743\" height=\"1024\" src=\"https:\/\/sg-gueterfelde.de\/wp-content\/uploads\/2024\/11\/img-20241122-wa00178141065365304412229-743x1024.jpg\" alt=\"\" class=\"wp-image-1482\" srcset=\"https:\/\/sg-gueterfelde.de\/wp-content\/uploads\/2024\/11\/img-20241122-wa00178141065365304412229-743x1024.jpg 743w, https:\/\/sg-gueterfelde.de\/wp-content\/uploads\/2024\/11\/img-20241122-wa00178141065365304412229-218x300.jpg 218w, https:\/\/sg-gueterfelde.de\/wp-content\/uploads\/2024\/11\/img-20241122-wa00178141065365304412229-768x1058.jpg 768w, https:\/\/sg-gueterfelde.de\/wp-content\/uploads\/2024\/11\/img-20241122-wa00178141065365304412229-1115x1536.jpg 1115w, https:\/\/sg-gueterfelde.de\/wp-content\/uploads\/2024\/11\/img-20241122-wa00178141065365304412229.jpg 1161w\" sizes=\"auto, (max-width: 743px) 100vw, 743px\" \/><\/figure>\n<div class=\"pvc_clear\"><\/div><p id=\"pvc_stats_1483\" class=\"pvc_stats all  \" data-element-id=\"1483\" style=\"\"><i class=\"pvc-stats-icon small\" aria-hidden=\"true\"><svg aria-hidden=\"true\" focusable=\"false\" data-prefix=\"far\" data-icon=\"chart-bar\" role=\"img\" xmlns=\"http:\/\/www.w3.org\/2000\/svg\" viewBox=\"0 0 512 512\" class=\"svg-inline--fa fa-chart-bar fa-w-16 fa-2x\"><path fill=\"currentColor\" d=\"M396.8 352h22.4c6.4 0 12.8-6.4 12.8-12.8V108.8c0-6.4-6.4-12.8-12.8-12.8h-22.4c-6.4 0-12.8 6.4-12.8 12.8v230.4c0 6.4 6.4 12.8 12.8 12.8zm-192 0h22.4c6.4 0 12.8-6.4 12.8-12.8V140.8c0-6.4-6.4-12.8-12.8-12.8h-22.4c-6.4 0-12.8 6.4-12.8 12.8v198.4c0 6.4 6.4 12.8 12.8 12.8zm96 0h22.4c6.4 0 12.8-6.4 12.8-12.8V204.8c0-6.4-6.4-12.8-12.8-12.8h-22.4c-6.4 0-12.8 6.4-12.8 12.8v134.4c0 6.4 6.4 12.8 12.8 12.8zM496 400H48V80c0-8.84-7.16-16-16-16H16C7.16 64 0 71.16 0 80v336c0 17.67 14.33 32 32 32h464c8.84 0 16-7.16 16-16v-16c0-8.84-7.16-16-16-16zm-387.2-48h22.4c6.4 0 12.8-6.4 12.8-12.8v-70.4c0-6.4-6.4-12.8-12.8-12.8h-22.4c-6.4 0-12.8 6.4-12.8 12.8v70.4c0 6.4 6.4 12.8 12.8 12.8z\" class=\"\"><\/path><\/svg><\/i> <img loading=\"lazy\" decoding=\"async\" width=\"16\" height=\"16\" alt=\"Loading\" src=\"https:\/\/sg-gueterfelde.de\/wp-content\/plugins\/page-views-count\/ajax-loader-2x.gif\" border=0 \/><\/p><div class=\"pvc_clear\"><\/div>","protected":false},"excerpt":{"rendered":"<p>Zum Beginn der Weihnachtszeit beteiligen wir uns am Wochenende des ersten Advents am Weihnachtsmarkt. Im Garten am B\u00fcrgerhaus werden G\u00fcterfelder Vereine beisammen sich pr\u00e4sentieren, f\u00fcr Speis und Trank sorgen. Samstag 30.11.2024 Es gibt gem\u00fctliche Lagerfeuer, Unterhaltung f\u00fcr Gro\u00df und Klein. Der Eintritt ist frei.<\/p>\n<div class=\"pvc_clear\"><\/div>\n<p id=\"pvc_stats_1483\" class=\"pvc_stats all  \" data-element-id=\"1483\" style=\"\"><i class=\"pvc-stats-icon small\" aria-hidden=\"true\"><svg aria-hidden=\"true\" focusable=\"false\" data-prefix=\"far\" data-icon=\"chart-bar\" role=\"img\" xmlns=\"http:\/\/www.w3.org\/2000\/svg\" viewBox=\"0 0 512 512\" class=\"svg-inline--fa fa-chart-bar fa-w-16 fa-2x\"><path fill=\"currentColor\" d=\"M396.8 352h22.4c6.4 0 12.8-6.4 12.8-12.8V108.8c0-6.4-6.4-12.8-12.8-12.8h-22.4c-6.4 0-12.8 6.4-12.8 12.8v230.4c0 6.4 6.4 12.8 12.8 12.8zm-192 0h22.4c6.4 0 12.8-6.4 12.8-12.8V140.8c0-6.4-6.4-12.8-12.8-12.8h-22.4c-6.4 0-12.8 6.4-12.8 12.8v198.4c0 6.4 6.4 12.8 12.8 12.8zm96 0h22.4c6.4 0 12.8-6.4 12.8-12.8V204.8c0-6.4-6.4-12.8-12.8-12.8h-22.4c-6.4 0-12.8 6.4-12.8 12.8v134.4c0 6.4 6.4 12.8 12.8 12.8zM496 400H48V80c0-8.84-7.16-16-16-16H16C7.16 64 0 71.16 0 80v336c0 17.67 14.33 32 32 32h464c8.84 0 16-7.16 16-16v-16c0-8.84-7.16-16-16-16zm-387.2-48h22.4c6.4 0 12.8-6.4 12.8-12.8v-70.4c0-6.4-6.4-12.8-12.8-12.8h-22.4c-6.4 0-12.8 6.4-12.8 12.8v70.4c0 6.4 6.4 12.8 12.8 12.8z\" class=\"\"><\/path><\/svg><\/i> <img loading=\"lazy\" decoding=\"async\" width=\"16\" height=\"16\" alt=\"Loading\" src=\"https:\/\/sg-gueterfelde.de\/wp-content\/plugins\/page-views-count\/ajax-loader-2x.gif\" border=0 \/><\/p>\n<div class=\"pvc_clear\"><\/div>\n","protected":false},"author":2,"featured_media":0,"comment_status":"closed","ping_status":"open","sticky":false,"template":"","format":"standard","meta":{"ngg_post_thumbnail":0,"footnotes":"","_links_to":"","_links_to_target":""},"categories":[3],"tags":[33,17,18],"class_list":["post-1483","post","type-post","status-publish","format-standard","hentry","category-aktivitaet","tag-33","tag-buergerhaus","tag-garten"],"_links":{"self":[{"href":"https:\/\/sg-gueterfelde.de\/index.php?rest_route=\/wp\/v2\/posts\/1483","targetHints":{"allow":["GET"]}}],"collection":[{"href":"https:\/\/sg-gueterfelde.de\/index.php?rest_route=\/wp\/v2\/posts"}],"about":[{"href":"https:\/\/sg-gueterfelde.de\/index.php?rest_route=\/wp\/v2\/types\/post"}],"author":[{"embeddable":true,"href":"https:\/\/sg-gueterfelde.de\/index.php?rest_route=\/wp\/v2\/users\/2"}],"replies":[{"embeddable":true,"href":"https:\/\/sg-gueterfelde.de\/index.php?rest_route=%2Fwp%2Fv2%2Fcomments&post=1483"}],"version-history":[{"count":1,"href":"https:\/\/sg-gueterfelde.de\/index.php?rest_route=\/wp\/v2\/posts\/1483\/revisions"}],"predecessor-version":[{"id":1484,"href":"https:\/\/sg-gueterfelde.de\/index.php?rest_route=\/wp\/v2\/posts\/1483\/revisions\/1484"}],"wp:attachment":[{"href":"https:\/\/sg-gueterfelde.de\/index.php?rest_route=%2Fwp%2Fv2%2Fmedia&parent=1483"}],"wp:term":[{"taxonomy":"category","embeddable":true,"href":"https:\/\/sg-gueterfelde.de\/index.php?rest_route=%2Fwp%2Fv2%2Fcategories&post=1483"},{"taxonomy":"post_tag","embeddable":true,"href":"https:\/\/sg-gueterfelde.de\/index.php?rest_route=%2Fwp%2Fv2%2Ftags&post=1483"}],"curies":[{"name":"wp","href":"https:\/\/api.w.org\/{rel}","templated":true}]}}