{"id":1502,"date":"2025-11-17T22:37:03","date_gmt":"2025-11-17T21:37:03","guid":{"rendered":"https:\/\/sg-gueterfelde.de\/?p=1502"},"modified":"2025-11-17T22:43:49","modified_gmt":"2025-11-17T21:43:49","slug":"teilnahme-weihnachtsmarkt-am-buergerhaus-2","status":"publish","type":"post","link":"https:\/\/sg-gueterfelde.de\/?p=1502","title":{"rendered":"Teilnahme Weihnachtsmarkt am B\u00fcrgerhaus am 29.11.2025"},"content":{"rendered":"\n<p><\/p>\n<p>Zum Beginn der Weihnachtszeit beteiligen wir uns am Wochenende des ersten Advents am Weihnachtsmarkt. Im Garten am B\u00fcrgerhaus werden Adventsgestecke verkauft, G\u00fcterfelder Vereine beisammen sich pr\u00e4sentieren, f\u00fcr Speis und Trank sorgen.\u00a0<\/p>\n<p> <\/p>\n<p class=\"has-text-align-center\"><strong>Samstag 29.11.2025<\/strong><\/p>\n<p> <\/p>\n<p>Es gibt gem\u00fctliche Lagerfeuer, Unterhaltung f\u00fcr Gro\u00df und Klein. Der Eintritt ist frei.<\/p>\n<p style=\"text-align: center;\"><a href=\"https:\/\/sg-gueterfelde.de\/wp-content\/uploads\/2025\/11\/Weihnachtsmarkt_Gueterfelde-2025-719x1024-1.jpg\"><img loading=\"lazy\" decoding=\"async\" class=\"alignleft wp-image-1504 size-medium\" src=\"https:\/\/sg-gueterfelde.de\/wp-content\/uploads\/2025\/11\/Weihnachtsmarkt_Gueterfelde-2025-719x1024-1-211x300.jpg\" alt=\"\" width=\"211\" height=\"300\" srcset=\"https:\/\/sg-gueterfelde.de\/wp-content\/uploads\/2025\/11\/Weihnachtsmarkt_Gueterfelde-2025-719x1024-1-211x300.jpg 211w, https:\/\/sg-gueterfelde.de\/wp-content\/uploads\/2025\/11\/Weihnachtsmarkt_Gueterfelde-2025-719x1024-1.jpg 719w\" sizes=\"auto, (max-width: 211px) 100vw, 211px\" \/><\/a><\/p>\n<p><\/p>\n\n\n<div class=\"pvc_clear\"><\/div><p id=\"pvc_stats_1502\" class=\"pvc_stats all  \" data-element-id=\"1502\" style=\"\"><i class=\"pvc-stats-icon small\" aria-hidden=\"true\"><svg aria-hidden=\"true\" focusable=\"false\" data-prefix=\"far\" data-icon=\"chart-bar\" role=\"img\" xmlns=\"http:\/\/www.w3.org\/2000\/svg\" viewBox=\"0 0 512 512\" class=\"svg-inline--fa fa-chart-bar fa-w-16 fa-2x\"><path fill=\"currentColor\" d=\"M396.8 352h22.4c6.4 0 12.8-6.4 12.8-12.8V108.8c0-6.4-6.4-12.8-12.8-12.8h-22.4c-6.4 0-12.8 6.4-12.8 12.8v230.4c0 6.4 6.4 12.8 12.8 12.8zm-192 0h22.4c6.4 0 12.8-6.4 12.8-12.8V140.8c0-6.4-6.4-12.8-12.8-12.8h-22.4c-6.4 0-12.8 6.4-12.8 12.8v198.4c0 6.4 6.4 12.8 12.8 12.8zm96 0h22.4c6.4 0 12.8-6.4 12.8-12.8V204.8c0-6.4-6.4-12.8-12.8-12.8h-22.4c-6.4 0-12.8 6.4-12.8 12.8v134.4c0 6.4 6.4 12.8 12.8 12.8zM496 400H48V80c0-8.84-7.16-16-16-16H16C7.16 64 0 71.16 0 80v336c0 17.67 14.33 32 32 32h464c8.84 0 16-7.16 16-16v-16c0-8.84-7.16-16-16-16zm-387.2-48h22.4c6.4 0 12.8-6.4 12.8-12.8v-70.4c0-6.4-6.4-12.8-12.8-12.8h-22.4c-6.4 0-12.8 6.4-12.8 12.8v70.4c0 6.4 6.4 12.8 12.8 12.8z\" class=\"\"><\/path><\/svg><\/i> <img loading=\"lazy\" decoding=\"async\" width=\"16\" height=\"16\" alt=\"Loading\" src=\"https:\/\/sg-gueterfelde.de\/wp-content\/plugins\/page-views-count\/ajax-loader-2x.gif\" border=0 \/><\/p><div class=\"pvc_clear\"><\/div>","protected":false},"excerpt":{"rendered":"<p>Zum Beginn der Weihnachtszeit beteiligen wir uns am Wochenende des ersten Advents am Weihnachtsmarkt. Im Garten am B\u00fcrgerhaus werden Adventsgestecke verkauft, G\u00fcterfelder Vereine beisammen sich pr\u00e4sentieren, f\u00fcr Speis und Trank sorgen.\u00a0 Samstag 29.11.2025 Es gibt gem\u00fctliche Lagerfeuer, Unterhaltung f\u00fcr Gro\u00df und Klein. Der Eintritt ist frei.<\/p>\n<div class=\"pvc_clear\"><\/div>\n<p id=\"pvc_stats_1502\" class=\"pvc_stats all  \" data-element-id=\"1502\" style=\"\"><i class=\"pvc-stats-icon small\" aria-hidden=\"true\"><svg aria-hidden=\"true\" focusable=\"false\" data-prefix=\"far\" data-icon=\"chart-bar\" role=\"img\" xmlns=\"http:\/\/www.w3.org\/2000\/svg\" viewBox=\"0 0 512 512\" class=\"svg-inline--fa fa-chart-bar fa-w-16 fa-2x\"><path fill=\"currentColor\" d=\"M396.8 352h22.4c6.4 0 12.8-6.4 12.8-12.8V108.8c0-6.4-6.4-12.8-12.8-12.8h-22.4c-6.4 0-12.8 6.4-12.8 12.8v230.4c0 6.4 6.4 12.8 12.8 12.8zm-192 0h22.4c6.4 0 12.8-6.4 12.8-12.8V140.8c0-6.4-6.4-12.8-12.8-12.8h-22.4c-6.4 0-12.8 6.4-12.8 12.8v198.4c0 6.4 6.4 12.8 12.8 12.8zm96 0h22.4c6.4 0 12.8-6.4 12.8-12.8V204.8c0-6.4-6.4-12.8-12.8-12.8h-22.4c-6.4 0-12.8 6.4-12.8 12.8v134.4c0 6.4 6.4 12.8 12.8 12.8zM496 400H48V80c0-8.84-7.16-16-16-16H16C7.16 64 0 71.16 0 80v336c0 17.67 14.33 32 32 32h464c8.84 0 16-7.16 16-16v-16c0-8.84-7.16-16-16-16zm-387.2-48h22.4c6.4 0 12.8-6.4 12.8-12.8v-70.4c0-6.4-6.4-12.8-12.8-12.8h-22.4c-6.4 0-12.8 6.4-12.8 12.8v70.4c0 6.4 6.4 12.8 12.8 12.8z\" class=\"\"><\/path><\/svg><\/i> <img loading=\"lazy\" decoding=\"async\" width=\"16\" height=\"16\" alt=\"Loading\" src=\"https:\/\/sg-gueterfelde.de\/wp-content\/plugins\/page-views-count\/ajax-loader-2x.gif\" border=0 \/><\/p>\n<div class=\"pvc_clear\"><\/div>\n","protected":false},"author":2,"featured_media":1504,"comment_status":"closed","ping_status":"open","sticky":false,"template":"","format":"standard","meta":{"ngg_post_thumbnail":0,"footnotes":"","_links_to":"","_links_to_target":""},"categories":[19],"tags":[34,17,35,18],"class_list":["post-1502","post","type-post","status-publish","format-standard","has-post-thumbnail","hentry","category-einladung","tag-34","tag-buergerhaus","tag-einladung","tag-garten"],"_links":{"self":[{"href":"https:\/\/sg-gueterfelde.de\/index.php?rest_route=\/wp\/v2\/posts\/1502","targetHints":{"allow":["GET"]}}],"collection":[{"href":"https:\/\/sg-gueterfelde.de\/index.php?rest_route=\/wp\/v2\/posts"}],"about":[{"href":"https:\/\/sg-gueterfelde.de\/index.php?rest_route=\/wp\/v2\/types\/post"}],"author":[{"embeddable":true,"href":"https:\/\/sg-gueterfelde.de\/index.php?rest_route=\/wp\/v2\/users\/2"}],"replies":[{"embeddable":true,"href":"https:\/\/sg-gueterfelde.de\/index.php?rest_route=%2Fwp%2Fv2%2Fcomments&post=1502"}],"version-history":[{"count":3,"href":"https:\/\/sg-gueterfelde.de\/index.php?rest_route=\/wp\/v2\/posts\/1502\/revisions"}],"predecessor-version":[{"id":1507,"href":"https:\/\/sg-gueterfelde.de\/index.php?rest_route=\/wp\/v2\/posts\/1502\/revisions\/1507"}],"wp:featuredmedia":[{"embeddable":true,"href":"https:\/\/sg-gueterfelde.de\/index.php?rest_route=\/wp\/v2\/media\/1504"}],"wp:attachment":[{"href":"https:\/\/sg-gueterfelde.de\/index.php?rest_route=%2Fwp%2Fv2%2Fmedia&parent=1502"}],"wp:term":[{"taxonomy":"category","embeddable":true,"href":"https:\/\/sg-gueterfelde.de\/index.php?rest_route=%2Fwp%2Fv2%2Fcategories&post=1502"},{"taxonomy":"post_tag","embeddable":true,"href":"https:\/\/sg-gueterfelde.de\/index.php?rest_route=%2Fwp%2Fv2%2Ftags&post=1502"}],"curies":[{"name":"wp","href":"https:\/\/api.w.org\/{rel}","templated":true}]}}