{"id":880,"date":"2017-10-23T09:14:49","date_gmt":"2017-10-23T09:14:49","guid":{"rendered":"http:\/\/sg-gueterfelde.de\/?page_id=880"},"modified":"2024-07-01T10:54:39","modified_gmt":"2024-07-01T08:54:39","slug":"ein-verspaetetes-sommerfest","status":"publish","type":"post","link":"https:\/\/sg-gueterfelde.de\/?p=880","title":{"rendered":"Ein versp\u00e4tetes Sommerfest"},"content":{"rendered":"<p align=\"JUSTIFY\"><span style=\"font-family: verdana,geneva,sans-serif; font-size: 12px;\">In diesem Sommer war es schwierig, die Sonnentage f\u00fcr ein Sommer-fest im Freien zu finden. Der zun\u00e4chst geplante Termin, der 1. Juli 2017, war wegen des Dauerregens nicht machbar.<\/span><\/p>\n<p align=\"JUSTIFY\"><span style=\"font-family: verdana,geneva,sans-serif; font-size: 12px;\">So entschloss sich unsere Sportgemeinschaft G\u00fcterfelde 1910 e.V. dazu, das Fest auf den 16. September zu verlegen. Die Vorbereitungen wurden neu gestartet, die Zelte am Donnerstag im B\u00fcrgerhaus-Garten aufgebaut, noch begleitet von Windb\u00f6en.<\/span><\/p>\n<p align=\"JUSTIFY\"><span style=\"font-family: verdana,geneva,sans-serif; font-size: 12px;\">Aber am Sonnabend konnten wir uns dann \u00fcber einen sonnigen und freundlichen Tag freuen, der noch sehr gut f\u00fcr ein Sommerfest geeignet war.<\/span><\/p>\n<p align=\"JUSTIFY\"><span style=\"font-family: verdana,geneva,sans-serif; font-size: 12px;\"><a href=\"https:\/\/sg-gueterfelde.de\/wp-content\/uploads\/2017\/10\/sgg_sommerfest_2017_1.jpg\"><img loading=\"lazy\" decoding=\"async\" class=\"aligncenter size-full wp-image-881\" src=\"https:\/\/sg-gueterfelde.de\/wp-content\/uploads\/2017\/10\/sgg_sommerfest_2017_1.jpg\" alt=\"\" width=\"640\" height=\"480\" srcset=\"https:\/\/sg-gueterfelde.de\/wp-content\/uploads\/2017\/10\/sgg_sommerfest_2017_1.jpg 640w, https:\/\/sg-gueterfelde.de\/wp-content\/uploads\/2017\/10\/sgg_sommerfest_2017_1-300x225.jpg 300w\" sizes=\"auto, (max-width: 640px) 100vw, 640px\" \/><\/a><\/span><\/p>\n<p align=\"JUSTIFY\"><span style=\"font-family: verdana,geneva,sans-serif; font-size: 12px;\">Alle Sportfreunde und Sportfreundinnen, die gekommen waren, erfreuten sich an den verschiedenen Kindert\u00e4nzen der J\u00fcngsten. Die DJ-Musik, Gespr\u00e4che an den Tischen, das Singen von Liedern und die Bewegung beim Tanz trugen zur geselligen, guten Stimmung bei. <\/span><\/p>\n<p align=\"JUSTIFY\"><span style=\"font-size: 12px; font-family: verdana,geneva,sans-serif;\"><a href=\"https:\/\/sg-gueterfelde.de\/wp-content\/uploads\/2017\/10\/sgg_sommerfest_2017_2.jpg\"><img loading=\"lazy\" decoding=\"async\" class=\"aligncenter size-full wp-image-882\" src=\"https:\/\/sg-gueterfelde.de\/wp-content\/uploads\/2017\/10\/sgg_sommerfest_2017_2.jpg\" alt=\"\" width=\"640\" height=\"480\" srcset=\"https:\/\/sg-gueterfelde.de\/wp-content\/uploads\/2017\/10\/sgg_sommerfest_2017_2.jpg 640w, https:\/\/sg-gueterfelde.de\/wp-content\/uploads\/2017\/10\/sgg_sommerfest_2017_2-300x225.jpg 300w\" sizes=\"auto, (max-width: 640px) 100vw, 640px\" \/><\/a> <\/span><\/p>\n<p align=\"JUSTIFY\"><span style=\"font-family: verdana,geneva,sans-serif; font-size: 12px;\">Durch die Vorsitzende der SG wurde in der Begr\u00fc\u00dfungsrede die erfolgreiche Arbeit der Sportgemeinschaft mit ihren vielf\u00e4ltigen Aktivi-t\u00e4ten und Vorhaben gew\u00fcrdigt. Diese werden f\u00fcr die Mitglieder der Sportgemeinschaft und auch f\u00fcr G\u00e4ste immer wieder mit Freude und zus\u00e4tzlichem Engagement gestaltet.<\/span><\/p>\n<p align=\"JUSTIFY\"><span style=\"font-size: 12px; font-family: verdana,geneva,sans-serif;\"><a href=\"https:\/\/sg-gueterfelde.de\/wp-content\/uploads\/2017\/10\/sgg_sommerfest_2017_3.jpg\"><img loading=\"lazy\" decoding=\"async\" class=\"aligncenter size-full wp-image-883\" src=\"https:\/\/sg-gueterfelde.de\/wp-content\/uploads\/2017\/10\/sgg_sommerfest_2017_3.jpg\" alt=\"\" width=\"640\" height=\"480\" srcset=\"https:\/\/sg-gueterfelde.de\/wp-content\/uploads\/2017\/10\/sgg_sommerfest_2017_3.jpg 640w, https:\/\/sg-gueterfelde.de\/wp-content\/uploads\/2017\/10\/sgg_sommerfest_2017_3-300x225.jpg 300w\" sizes=\"auto, (max-width: 640px) 100vw, 640px\" \/><\/a> <\/span><\/p>\n<p align=\"JUSTIFY\"><span style=\"font-size: 12px; font-family: verdana,geneva,sans-serif;\">F\u00fcr die tolle Unterst\u00fctzung beim AWO-Familienfest erhielt Spfr. <i>Uwe Schaer<\/i> eine Anerkennung.<\/span><\/p>\n<p align=\"JUSTIFY\"><span style=\"font-family: verdana,geneva,sans-serif; font-size: 12px;\">Die sch\u00f6n gedeckten Tische, Grilld\u00fcfte und die schmackhaften, selbst zubereiteten Salate sowie die vielf\u00e4ltigen Getr\u00e4nke luden zum Genie\u00dfen ein.<\/span><\/p>\n<p align=\"JUSTIFY\"><span style=\"font-family: verdana,geneva,sans-serif; font-size: 12px;\">Wir haben uns \u00fcber die vielen positiven R\u00fcckmeldungen gefreut: \u201eEs war wieder ein so sch\u00f6nes und gelungenes Sommerfest\u201c.<\/span><\/p>\n<p align=\"JUSTIFY\"><span style=\"font-family: verdana,geneva,sans-serif; font-size: 12px;\">Ein ganz herzliches Dankesch\u00f6n an alle Helferinnen und Helfer.<\/span><\/p>\n<p align=\"JUSTIFY\"><span style=\"font-family: verdana,geneva,sans-serif; font-size: 12px;\"><i>Elvira Waldmann<\/i><\/span><\/p>\n<div class=\"pvc_clear\"><\/div>\n<p id=\"pvc_stats_880\" class=\"pvc_stats all  \" data-element-id=\"880\" style=\"\"><i class=\"pvc-stats-icon small\" aria-hidden=\"true\"><svg aria-hidden=\"true\" focusable=\"false\" data-prefix=\"far\" data-icon=\"chart-bar\" role=\"img\" xmlns=\"http:\/\/www.w3.org\/2000\/svg\" viewBox=\"0 0 512 512\" class=\"svg-inline--fa fa-chart-bar fa-w-16 fa-2x\"><path fill=\"currentColor\" d=\"M396.8 352h22.4c6.4 0 12.8-6.4 12.8-12.8V108.8c0-6.4-6.4-12.8-12.8-12.8h-22.4c-6.4 0-12.8 6.4-12.8 12.8v230.4c0 6.4 6.4 12.8 12.8 12.8zm-192 0h22.4c6.4 0 12.8-6.4 12.8-12.8V140.8c0-6.4-6.4-12.8-12.8-12.8h-22.4c-6.4 0-12.8 6.4-12.8 12.8v198.4c0 6.4 6.4 12.8 12.8 12.8zm96 0h22.4c6.4 0 12.8-6.4 12.8-12.8V204.8c0-6.4-6.4-12.8-12.8-12.8h-22.4c-6.4 0-12.8 6.4-12.8 12.8v134.4c0 6.4 6.4 12.8 12.8 12.8zM496 400H48V80c0-8.84-7.16-16-16-16H16C7.16 64 0 71.16 0 80v336c0 17.67 14.33 32 32 32h464c8.84 0 16-7.16 16-16v-16c0-8.84-7.16-16-16-16zm-387.2-48h22.4c6.4 0 12.8-6.4 12.8-12.8v-70.4c0-6.4-6.4-12.8-12.8-12.8h-22.4c-6.4 0-12.8 6.4-12.8 12.8v70.4c0 6.4 6.4 12.8 12.8 12.8z\" class=\"\"><\/path><\/svg><\/i> <img loading=\"lazy\" decoding=\"async\" width=\"16\" height=\"16\" alt=\"Loading\" src=\"https:\/\/sg-gueterfelde.de\/wp-content\/plugins\/page-views-count\/ajax-loader-2x.gif\" border=0 \/><\/p>\n<div class=\"pvc_clear\"><\/div>\n","protected":false},"excerpt":{"rendered":"<p>In diesem Sommer war es schwierig, die Sonnentage f\u00fcr ein Sommer-fest im Freien zu finden. Der zun\u00e4chst geplante Termin, der 1. Juli 2017, war wegen des Dauerregens nicht machbar. So entschloss sich unsere Sportgemeinschaft G\u00fcterfelde 1910 e.V. dazu, das Fest auf den 16. September zu verlegen. Die Vorbereitungen wurden neu gestartet, die Zelte am Donnerstag <span class=\"ellipsis\">&hellip;<\/span> <span class=\"more-link-wrap\"><a href=\"https:\/\/sg-gueterfelde.de\/?p=880\" class=\"more-link\"><span>Read More &rarr;<\/span><\/a><\/span><\/p>\n<div class=\"pvc_clear\"><\/div>\n<p id=\"pvc_stats_880\" class=\"pvc_stats all  \" data-element-id=\"880\" style=\"\"><i class=\"pvc-stats-icon small\" aria-hidden=\"true\"><svg aria-hidden=\"true\" focusable=\"false\" data-prefix=\"far\" data-icon=\"chart-bar\" role=\"img\" xmlns=\"http:\/\/www.w3.org\/2000\/svg\" viewBox=\"0 0 512 512\" class=\"svg-inline--fa fa-chart-bar fa-w-16 fa-2x\"><path fill=\"currentColor\" d=\"M396.8 352h22.4c6.4 0 12.8-6.4 12.8-12.8V108.8c0-6.4-6.4-12.8-12.8-12.8h-22.4c-6.4 0-12.8 6.4-12.8 12.8v230.4c0 6.4 6.4 12.8 12.8 12.8zm-192 0h22.4c6.4 0 12.8-6.4 12.8-12.8V140.8c0-6.4-6.4-12.8-12.8-12.8h-22.4c-6.4 0-12.8 6.4-12.8 12.8v198.4c0 6.4 6.4 12.8 12.8 12.8zm96 0h22.4c6.4 0 12.8-6.4 12.8-12.8V204.8c0-6.4-6.4-12.8-12.8-12.8h-22.4c-6.4 0-12.8 6.4-12.8 12.8v134.4c0 6.4 6.4 12.8 12.8 12.8zM496 400H48V80c0-8.84-7.16-16-16-16H16C7.16 64 0 71.16 0 80v336c0 17.67 14.33 32 32 32h464c8.84 0 16-7.16 16-16v-16c0-8.84-7.16-16-16-16zm-387.2-48h22.4c6.4 0 12.8-6.4 12.8-12.8v-70.4c0-6.4-6.4-12.8-12.8-12.8h-22.4c-6.4 0-12.8 6.4-12.8 12.8v70.4c0 6.4 6.4 12.8 12.8 12.8z\" class=\"\"><\/path><\/svg><\/i> <img loading=\"lazy\" decoding=\"async\" width=\"16\" height=\"16\" alt=\"Loading\" src=\"https:\/\/sg-gueterfelde.de\/wp-content\/plugins\/page-views-count\/ajax-loader-2x.gif\" border=0 \/><\/p>\n<div class=\"pvc_clear\"><\/div>\n","protected":false},"author":1,"featured_media":0,"comment_status":"closed","ping_status":"closed","sticky":false,"template":"","format":"standard","meta":{"ngg_post_thumbnail":0,"footnotes":"","_links_to":"","_links_to_target":""},"categories":[15],"tags":[21],"class_list":["post-880","post","type-post","status-publish","format-standard","hentry","category-bericht","tag-sommerfest"],"_links":{"self":[{"href":"https:\/\/sg-gueterfelde.de\/index.php?rest_route=\/wp\/v2\/posts\/880","targetHints":{"allow":["GET"]}}],"collection":[{"href":"https:\/\/sg-gueterfelde.de\/index.php?rest_route=\/wp\/v2\/posts"}],"about":[{"href":"https:\/\/sg-gueterfelde.de\/index.php?rest_route=\/wp\/v2\/types\/post"}],"author":[{"embeddable":true,"href":"https:\/\/sg-gueterfelde.de\/index.php?rest_route=\/wp\/v2\/users\/1"}],"replies":[{"embeddable":true,"href":"https:\/\/sg-gueterfelde.de\/index.php?rest_route=%2Fwp%2Fv2%2Fcomments&post=880"}],"version-history":[{"count":1,"href":"https:\/\/sg-gueterfelde.de\/index.php?rest_route=\/wp\/v2\/posts\/880\/revisions"}],"predecessor-version":[{"id":884,"href":"https:\/\/sg-gueterfelde.de\/index.php?rest_route=\/wp\/v2\/posts\/880\/revisions\/884"}],"wp:attachment":[{"href":"https:\/\/sg-gueterfelde.de\/index.php?rest_route=%2Fwp%2Fv2%2Fmedia&parent=880"}],"wp:term":[{"taxonomy":"category","embeddable":true,"href":"https:\/\/sg-gueterfelde.de\/index.php?rest_route=%2Fwp%2Fv2%2Fcategories&post=880"},{"taxonomy":"post_tag","embeddable":true,"href":"https:\/\/sg-gueterfelde.de\/index.php?rest_route=%2Fwp%2Fv2%2Ftags&post=880"}],"curies":[{"name":"wp","href":"https:\/\/api.w.org\/{rel}","templated":true}]}}