{"id":953,"date":"2018-03-03T11:01:25","date_gmt":"2018-03-03T11:01:25","guid":{"rendered":"http:\/\/sg-gueterfelde.de\/?page_id=953"},"modified":"2024-07-01T12:25:30","modified_gmt":"2024-07-01T10:25:30","slug":"einladung-zur-jahreshauptversammlung","status":"publish","type":"post","link":"https:\/\/sg-gueterfelde.de\/?p=953","title":{"rendered":"Einladung zur Jahreshauptversammlung"},"content":{"rendered":"<h6 class=\"western\" style=\"text-align: center;\"><span style=\"font-size: 12px; font-family: verdana, geneva, sans-serif;\"><i>am Sonnabend, dem 17.03.2018, 15.00 Uhr,<\/i><\/span><\/h6>\n<p class=\"western\" align=\"CENTER\"><span style=\"font-family: verdana, geneva, sans-serif; font-size: 12px;\"><i><b>in Stahnsdorf, Annastra\u00dfe 3, Plenarsaal der Gemeindeverwaltung<\/b><\/i><\/span><\/p>\n<p class=\"western\"><span style=\"font-family: verdana, geneva, sans-serif; font-size: 12px;\">Wir laden alle Sportfreundinnen und Sportfreunde herzlich dazu ein.<\/span><\/p>\n<p class=\"western\"><span style=\"font-family: verdana, geneva, sans-serif; font-size: 12px;\"><i><b>Tagesordnung:<\/b><\/i><\/span><\/p>\n<p class=\"western\"><span style=\"font-family: verdana, geneva, sans-serif; font-size: 12px;\"><b>Offener Beginn<\/b><\/span><\/p>\n<ol>\n<li>\n<p class=\"western\"><span style=\"font-family: verdana, geneva, sans-serif; font-size: 12px;\"><b>Begr\u00fc\u00dfung, Feststellung der Anwesenheit<\/b><\/span><\/p>\n<\/li>\n<li>\n<p class=\"western\"><span style=\"font-family: verdana, geneva, sans-serif; font-size: 12px;\"><b>Best\u00e4tigung \/ Erg\u00e4nzung der Tagesordnung \/ Wahl des Versammlungsleiters<\/b><\/span><\/p>\n<\/li>\n<li>\n<p class=\"western\"><span style=\"font-family: verdana, geneva, sans-serif; font-size: 12px;\"><b>Rechenschaftsbericht des Vorstandes f\u00fcr 2017 und Ausblick auf 2018<\/b><\/span><\/p>\n<\/li>\n<li>\n<p class=\"western\"><span style=\"font-family: verdana, geneva, sans-serif; font-size: 12px;\"><b>Berichte der Abteilungen\/Gruppen<\/b><\/span><\/p>\n<\/li>\n<li>\n<p class=\"western\"><span style=\"font-family: verdana, geneva, sans-serif; font-size: 12px;\"><b>Kassenbericht \/ Kassenpr\u00fcfungsbericht<\/b><\/span><\/p>\n<\/li>\n<li>\n<p class=\"western\"><span style=\"font-family: verdana, geneva, sans-serif; font-size: 12px;\"><b>Diskussion, Best\u00e4tigung der unter TOP 4,5 und 6 vorgetragenen Berichte\/ Entlastung des Vorstandes<\/b><\/span><\/p>\n<\/li>\n<li>\n<p class=\"western\"><span style=\"font-family: verdana, geneva, sans-serif; font-size: 12px;\"><b>Auszeichnungen<\/b><\/span><\/p>\n<\/li>\n<\/ol>\n<ul>\n<li>\n<p class=\"western\"><span style=\"font-family: verdana, geneva, sans-serif; font-size: 12px;\">Langj\u00e4hrige Mitgliedschaft<\/span><\/p>\n<\/li>\n<li>\n<p class=\"western\"><span style=\"font-family: verdana, geneva, sans-serif; font-size: 12px;\">Verdienstvolle Mitglieder<\/span><\/p>\n<\/li>\n<\/ul>\n<ol start=\"8\">\n<li>\n<p class=\"western\"><span style=\"font-family: verdana, geneva, sans-serif; font-size: 12px;\"><b>Sonstiges<\/b><\/span><\/p>\n<\/li>\n<\/ol>\n<ol start=\"9\">\n<li>\n<p class=\"western\"><span style=\"font-family: verdana, geneva, sans-serif; font-size: 12px;\"><b>Schlusswort \/ offenes Ende<\/b><\/span><\/p>\n<\/li>\n<\/ol>\n<p class=\"western\"><span style=\"font-family: verdana, geneva, sans-serif; font-size: 12px;\">Mit sportlichem Gru\u00df<\/span><\/p>\n<p class=\"western\"><span style=\"font-family: verdana, geneva, sans-serif; font-size: 12px;\">Dr. Elvira Waldmann \u00a0 \u00a0 \u00a0 \u00a0 \u00a0 \u00a0 \u00a0 \u00a0 \u00a0 \u00a0 \u00a0 \u00a0 \u00a0 \u00a0 \u00a0 \u00a0 \u00a0 \u00a0\u00a0 Uwe Schaer<\/span><\/p>\n<p class=\"western\"><span style=\"font-family: verdana, geneva, sans-serif; font-size: 12px;\">Vorsitzende\u00a0\u00a0\u00a0\u00a0\u00a0\u00a0\u00a0\u00a0\u00a0\u00a0\u00a0\u00a0\u00a0\u00a0\u00a0\u00a0\u00a0\u00a0\u00a0\u00a0\u00a0\u00a0\u00a0\u00a0\u00a0\u00a0\u00a0\u00a0\u00a0\u00a0\u00a0\u00a0\u00a0\u00a0\u00a0\u00a0\u00a0\u00a0\u00a0\u00a0\u00a0\u00a0\u00a0\u00a0\u00a0\u00a0\u00a0\u00a0\u00a0 Stellvertreter<\/span><\/p>\n<p class=\"western\"><span style=\"font-family: verdana, geneva, sans-serif; font-size: 12px;\"><i>Aus organisatorischen Gr\u00fcnden bitten wir um R\u00fcckmeldung der Teilnahme \u00fcber die Abteilungs- und \u00dcbungsleiter bis zum09.03.2018, bzw. der passiven Mitglieder bei E. Waldmann unter Tel.: 03329 611302 oder elvirawaldmann@yahoo.de<\/i><\/span><\/p>\n<p class=\"western\"><span style=\"font-family: verdana, geneva, sans-serif; font-size: 12px;\"><i>Hinweis:<\/i><i> <\/i><i>Bei \u00f6ffentlichen Veranstaltungen unserer SG wird fotografiert. Diese Fotos werden u.a. f\u00fcr die Darstellung der SG in Schauk\u00e4sten, auf der Homepage oder in Brosch\u00fcren verwendet. Bei Einw\u00e4nden bitte beim Vorstand melden.<\/i><\/span><\/p>\n<div class=\"pvc_clear\"><\/div>\n<p id=\"pvc_stats_953\" class=\"pvc_stats all  \" data-element-id=\"953\" style=\"\"><i class=\"pvc-stats-icon small\" aria-hidden=\"true\"><svg aria-hidden=\"true\" focusable=\"false\" data-prefix=\"far\" data-icon=\"chart-bar\" role=\"img\" xmlns=\"http:\/\/www.w3.org\/2000\/svg\" viewBox=\"0 0 512 512\" class=\"svg-inline--fa fa-chart-bar fa-w-16 fa-2x\"><path fill=\"currentColor\" d=\"M396.8 352h22.4c6.4 0 12.8-6.4 12.8-12.8V108.8c0-6.4-6.4-12.8-12.8-12.8h-22.4c-6.4 0-12.8 6.4-12.8 12.8v230.4c0 6.4 6.4 12.8 12.8 12.8zm-192 0h22.4c6.4 0 12.8-6.4 12.8-12.8V140.8c0-6.4-6.4-12.8-12.8-12.8h-22.4c-6.4 0-12.8 6.4-12.8 12.8v198.4c0 6.4 6.4 12.8 12.8 12.8zm96 0h22.4c6.4 0 12.8-6.4 12.8-12.8V204.8c0-6.4-6.4-12.8-12.8-12.8h-22.4c-6.4 0-12.8 6.4-12.8 12.8v134.4c0 6.4 6.4 12.8 12.8 12.8zM496 400H48V80c0-8.84-7.16-16-16-16H16C7.16 64 0 71.16 0 80v336c0 17.67 14.33 32 32 32h464c8.84 0 16-7.16 16-16v-16c0-8.84-7.16-16-16-16zm-387.2-48h22.4c6.4 0 12.8-6.4 12.8-12.8v-70.4c0-6.4-6.4-12.8-12.8-12.8h-22.4c-6.4 0-12.8 6.4-12.8 12.8v70.4c0 6.4 6.4 12.8 12.8 12.8z\" class=\"\"><\/path><\/svg><\/i> <img loading=\"lazy\" decoding=\"async\" width=\"16\" height=\"16\" alt=\"Loading\" src=\"https:\/\/sg-gueterfelde.de\/wp-content\/plugins\/page-views-count\/ajax-loader-2x.gif\" border=0 \/><\/p>\n<div class=\"pvc_clear\"><\/div>\n","protected":false},"excerpt":{"rendered":"<p>am Sonnabend, dem 17.03.2018, 15.00 Uhr, in Stahnsdorf, Annastra\u00dfe 3, Plenarsaal der Gemeindeverwaltung Wir laden alle Sportfreundinnen und Sportfreunde herzlich dazu ein. Tagesordnung: Offener Beginn Begr\u00fc\u00dfung, Feststellung der Anwesenheit Best\u00e4tigung \/ Erg\u00e4nzung der Tagesordnung \/ Wahl des Versammlungsleiters Rechenschaftsbericht des Vorstandes f\u00fcr 2017 und Ausblick auf 2018 Berichte der Abteilungen\/Gruppen Kassenbericht \/ Kassenpr\u00fcfungsbericht Diskussion, Best\u00e4tigung <span class=\"ellipsis\">&hellip;<\/span> <span class=\"more-link-wrap\"><a href=\"https:\/\/sg-gueterfelde.de\/?p=953\" class=\"more-link\"><span>Read More &rarr;<\/span><\/a><\/span><\/p>\n<div class=\"pvc_clear\"><\/div>\n<p id=\"pvc_stats_953\" class=\"pvc_stats all  \" data-element-id=\"953\" style=\"\"><i class=\"pvc-stats-icon small\" aria-hidden=\"true\"><svg aria-hidden=\"true\" focusable=\"false\" data-prefix=\"far\" data-icon=\"chart-bar\" role=\"img\" xmlns=\"http:\/\/www.w3.org\/2000\/svg\" viewBox=\"0 0 512 512\" class=\"svg-inline--fa fa-chart-bar fa-w-16 fa-2x\"><path fill=\"currentColor\" d=\"M396.8 352h22.4c6.4 0 12.8-6.4 12.8-12.8V108.8c0-6.4-6.4-12.8-12.8-12.8h-22.4c-6.4 0-12.8 6.4-12.8 12.8v230.4c0 6.4 6.4 12.8 12.8 12.8zm-192 0h22.4c6.4 0 12.8-6.4 12.8-12.8V140.8c0-6.4-6.4-12.8-12.8-12.8h-22.4c-6.4 0-12.8 6.4-12.8 12.8v198.4c0 6.4 6.4 12.8 12.8 12.8zm96 0h22.4c6.4 0 12.8-6.4 12.8-12.8V204.8c0-6.4-6.4-12.8-12.8-12.8h-22.4c-6.4 0-12.8 6.4-12.8 12.8v134.4c0 6.4 6.4 12.8 12.8 12.8zM496 400H48V80c0-8.84-7.16-16-16-16H16C7.16 64 0 71.16 0 80v336c0 17.67 14.33 32 32 32h464c8.84 0 16-7.16 16-16v-16c0-8.84-7.16-16-16-16zm-387.2-48h22.4c6.4 0 12.8-6.4 12.8-12.8v-70.4c0-6.4-6.4-12.8-12.8-12.8h-22.4c-6.4 0-12.8 6.4-12.8 12.8v70.4c0 6.4 6.4 12.8 12.8 12.8z\" class=\"\"><\/path><\/svg><\/i> <img loading=\"lazy\" decoding=\"async\" width=\"16\" height=\"16\" alt=\"Loading\" src=\"https:\/\/sg-gueterfelde.de\/wp-content\/plugins\/page-views-count\/ajax-loader-2x.gif\" border=0 \/><\/p>\n<div class=\"pvc_clear\"><\/div>\n","protected":false},"author":1,"featured_media":0,"comment_status":"closed","ping_status":"closed","sticky":false,"template":"","format":"standard","meta":{"ngg_post_thumbnail":0,"footnotes":"","_links_to":"","_links_to_target":""},"categories":[19],"tags":[26,27],"class_list":["post-953","post","type-post","status-publish","format-standard","hentry","category-einladung","tag-26","tag-jahreshauptversammlung"],"_links":{"self":[{"href":"https:\/\/sg-gueterfelde.de\/index.php?rest_route=\/wp\/v2\/posts\/953","targetHints":{"allow":["GET"]}}],"collection":[{"href":"https:\/\/sg-gueterfelde.de\/index.php?rest_route=\/wp\/v2\/posts"}],"about":[{"href":"https:\/\/sg-gueterfelde.de\/index.php?rest_route=\/wp\/v2\/types\/post"}],"author":[{"embeddable":true,"href":"https:\/\/sg-gueterfelde.de\/index.php?rest_route=\/wp\/v2\/users\/1"}],"replies":[{"embeddable":true,"href":"https:\/\/sg-gueterfelde.de\/index.php?rest_route=%2Fwp%2Fv2%2Fcomments&post=953"}],"version-history":[{"count":1,"href":"https:\/\/sg-gueterfelde.de\/index.php?rest_route=\/wp\/v2\/posts\/953\/revisions"}],"predecessor-version":[{"id":954,"href":"https:\/\/sg-gueterfelde.de\/index.php?rest_route=\/wp\/v2\/posts\/953\/revisions\/954"}],"wp:attachment":[{"href":"https:\/\/sg-gueterfelde.de\/index.php?rest_route=%2Fwp%2Fv2%2Fmedia&parent=953"}],"wp:term":[{"taxonomy":"category","embeddable":true,"href":"https:\/\/sg-gueterfelde.de\/index.php?rest_route=%2Fwp%2Fv2%2Fcategories&post=953"},{"taxonomy":"post_tag","embeddable":true,"href":"https:\/\/sg-gueterfelde.de\/index.php?rest_route=%2Fwp%2Fv2%2Ftags&post=953"}],"curies":[{"name":"wp","href":"https:\/\/api.w.org\/{rel}","templated":true}]}}